{"id":813,"date":"2023-08-28T15:21:04","date_gmt":"2023-08-28T15:21:04","guid":{"rendered":"https:\/\/dequecolorestupiel.com\/afrofemines\/"},"modified":"2023-10-10T15:37:03","modified_gmt":"2023-10-10T15:37:03","slug":"afrofemines","status":"publish","type":"post","link":"https:\/\/dequecolorestupiel.com\/ca\/afrofemines\/","title":{"rendered":"Afrofeminas"},"content":{"rendered":"","protected":false},"excerpt":{"rendered":"<p>Comunitat online que va n\u00e9ixer el 2014 per donar veu i visibilitzar les dones afrodescendents\/negres a Espanya.<\/p>\n","protected":false},"author":1,"featured_media":790,"comment_status":"open","ping_status":"open","sticky":false,"template":"","format":"standard","meta":{"_acf_changed":false,"footnotes":"","_links_to":"","_links_to_target":""},"categories":[37,36,35],"tags":[],"class_list":["post-813","post","type-post","status-publish","format-standard","has-post-thumbnail","hentry","category-activisme","category-consultoria-ca","category-mitjans-digitals"],"acf":[],"yoast_head":"<!-- This site is optimized with the Yoast SEO plugin v27.5 - https:\/\/yoast.com\/product\/yoast-seo-wordpress\/ -->\n<title>Afrofeminas | De quin color \u00e9s la teva pell?<\/title>\n<meta name=\"robots\" content=\"index, follow, max-snippet:-1, max-image-preview:large, max-video-preview:-1\" \/>\n<link rel=\"canonical\" href=\"https:\/\/dequecolorestupiel.com\/ca\/afrofemines\/\" \/>\n<meta property=\"og:locale\" content=\"ca_ES\" \/>\n<meta property=\"og:type\" content=\"article\" \/>\n<meta property=\"og:title\" content=\"Afrofeminas | De quin color \u00e9s la teva pell?\" \/>\n<meta property=\"og:description\" content=\"Comunitat online que va n\u00e9ixer el 2014 per donar veu i visibilitzar les dones afrodescendents\/negres a Espanya.\" \/>\n<meta property=\"og:url\" content=\"https:\/\/dequecolorestupiel.com\/ca\/afrofemines\/\" \/>\n<meta property=\"og:site_name\" content=\"De quin color \u00e9s la teva pell?\" \/>\n<meta property=\"article:published_time\" content=\"2023-08-28T15:21:04+00:00\" \/>\n<meta property=\"article:modified_time\" content=\"2023-10-10T15:37:03+00:00\" \/>\n<meta property=\"og:image\" content=\"https:\/\/dequecolorestupiel.com\/wp-content\/uploads\/Dequecolorestupiel-Repositorio-Afrofeminas.jpg\" \/>\n\t<meta property=\"og:image:width\" content=\"700\" \/>\n\t<meta property=\"og:image:height\" content=\"700\" \/>\n\t<meta property=\"og:image:type\" content=\"image\/jpeg\" \/>\n<meta name=\"author\" content=\"admin\" \/>\n<meta name=\"twitter:card\" content=\"summary_large_image\" \/>\n<meta name=\"twitter:label1\" content=\"Escrit per\" \/>\n\t<meta name=\"twitter:data1\" content=\"admin\" \/>\n<script type=\"application\/ld+json\" class=\"yoast-schema-graph\">{\"@context\":\"https:\\\/\\\/schema.org\",\"@graph\":[{\"@type\":\"Article\",\"@id\":\"https:\\\/\\\/dequecolorestupiel.com\\\/ca\\\/afrofemines\\\/#article\",\"isPartOf\":{\"@id\":\"https:\\\/\\\/dequecolorestupiel.com\\\/ca\\\/afrofemines\\\/\"},\"author\":{\"name\":\"admin\",\"@id\":\"https:\\\/\\\/dequecolorestupiel.com\\\/ca\\\/#\\\/schema\\\/person\\\/3df5d132e607de9bdf47272fff471305\"},\"headline\":\"Afrofeminas\",\"datePublished\":\"2023-08-28T15:21:04+00:00\",\"dateModified\":\"2023-10-10T15:37:03+00:00\",\"mainEntityOfPage\":{\"@id\":\"https:\\\/\\\/dequecolorestupiel.com\\\/ca\\\/afrofemines\\\/\"},\"wordCount\":1,\"commentCount\":0,\"publisher\":{\"@id\":\"https:\\\/\\\/dequecolorestupiel.com\\\/ca\\\/#\\\/schema\\\/person\\\/34e7450451f21e8784b696add8eb6646\"},\"image\":{\"@id\":\"https:\\\/\\\/dequecolorestupiel.com\\\/ca\\\/afrofemines\\\/#primaryimage\"},\"thumbnailUrl\":\"https:\\\/\\\/dequecolorestupiel.com\\\/wp-content\\\/uploads\\\/Dequecolorestupiel-Repositorio-Afrofeminas.jpg\",\"articleSection\":[\"Activisme\",\"Consultoria\",\"Mitjans digitals\"],\"inLanguage\":\"ca\",\"potentialAction\":[{\"@type\":\"CommentAction\",\"name\":\"Comment\",\"target\":[\"https:\\\/\\\/dequecolorestupiel.com\\\/ca\\\/afrofemines\\\/#respond\"]}]},{\"@type\":\"WebPage\",\"@id\":\"https:\\\/\\\/dequecolorestupiel.com\\\/ca\\\/afrofemines\\\/\",\"url\":\"https:\\\/\\\/dequecolorestupiel.com\\\/ca\\\/afrofemines\\\/\",\"name\":\"Afrofeminas | De quin color \u00e9s la teva pell?\",\"isPartOf\":{\"@id\":\"https:\\\/\\\/dequecolorestupiel.com\\\/ca\\\/#website\"},\"primaryImageOfPage\":{\"@id\":\"https:\\\/\\\/dequecolorestupiel.com\\\/ca\\\/afrofemines\\\/#primaryimage\"},\"image\":{\"@id\":\"https:\\\/\\\/dequecolorestupiel.com\\\/ca\\\/afrofemines\\\/#primaryimage\"},\"thumbnailUrl\":\"https:\\\/\\\/dequecolorestupiel.com\\\/wp-content\\\/uploads\\\/Dequecolorestupiel-Repositorio-Afrofeminas.jpg\",\"datePublished\":\"2023-08-28T15:21:04+00:00\",\"dateModified\":\"2023-10-10T15:37:03+00:00\",\"breadcrumb\":{\"@id\":\"https:\\\/\\\/dequecolorestupiel.com\\\/ca\\\/afrofemines\\\/#breadcrumb\"},\"inLanguage\":\"ca\",\"potentialAction\":[{\"@type\":\"ReadAction\",\"target\":[\"https:\\\/\\\/dequecolorestupiel.com\\\/ca\\\/afrofemines\\\/\"]}]},{\"@type\":\"ImageObject\",\"inLanguage\":\"ca\",\"@id\":\"https:\\\/\\\/dequecolorestupiel.com\\\/ca\\\/afrofemines\\\/#primaryimage\",\"url\":\"https:\\\/\\\/dequecolorestupiel.com\\\/wp-content\\\/uploads\\\/Dequecolorestupiel-Repositorio-Afrofeminas.jpg\",\"contentUrl\":\"https:\\\/\\\/dequecolorestupiel.com\\\/wp-content\\\/uploads\\\/Dequecolorestupiel-Repositorio-Afrofeminas.jpg\",\"width\":700,\"height\":700},{\"@type\":\"BreadcrumbList\",\"@id\":\"https:\\\/\\\/dequecolorestupiel.com\\\/ca\\\/afrofemines\\\/#breadcrumb\",\"itemListElement\":[{\"@type\":\"ListItem\",\"position\":1,\"name\":\"Portada\",\"item\":\"https:\\\/\\\/dequecolorestupiel.com\\\/ca\\\/portada\\\/\"},{\"@type\":\"ListItem\",\"position\":2,\"name\":\"Afrofeminas\"}]},{\"@type\":\"WebSite\",\"@id\":\"https:\\\/\\\/dequecolorestupiel.com\\\/ca\\\/#website\",\"url\":\"https:\\\/\\\/dequecolorestupiel.com\\\/ca\\\/\",\"name\":\"De quin color \u00e9s la teva pell?\",\"description\":\"Taller del Palomar de Jose que convida a reflexionar sobre la discriminaci\u00f3 i el racisme en l'\u00e0mbit educatiu\",\"publisher\":{\"@id\":\"https:\\\/\\\/dequecolorestupiel.com\\\/ca\\\/#\\\/schema\\\/person\\\/34e7450451f21e8784b696add8eb6646\"},\"potentialAction\":[{\"@type\":\"SearchAction\",\"target\":{\"@type\":\"EntryPoint\",\"urlTemplate\":\"https:\\\/\\\/dequecolorestupiel.com\\\/ca\\\/?s={search_term_string}\"},\"query-input\":{\"@type\":\"PropertyValueSpecification\",\"valueRequired\":true,\"valueName\":\"search_term_string\"}}],\"inLanguage\":\"ca\"},{\"@type\":[\"Person\",\"Organization\"],\"@id\":\"https:\\\/\\\/dequecolorestupiel.com\\\/ca\\\/#\\\/schema\\\/person\\\/34e7450451f21e8784b696add8eb6646\",\"name\":\"enelpalomar\",\"image\":{\"@type\":\"ImageObject\",\"inLanguage\":\"ca\",\"@id\":\"https:\\\/\\\/dequecolorestupiel.com\\\/wp-content\\\/uploads\\\/Isotipo-El-Palomar-web.png\",\"url\":\"https:\\\/\\\/dequecolorestupiel.com\\\/wp-content\\\/uploads\\\/Isotipo-El-Palomar-web.png\",\"contentUrl\":\"https:\\\/\\\/dequecolorestupiel.com\\\/wp-content\\\/uploads\\\/Isotipo-El-Palomar-web.png\",\"width\":512,\"height\":512,\"caption\":\"enelpalomar\"},\"logo\":{\"@id\":\"https:\\\/\\\/dequecolorestupiel.com\\\/wp-content\\\/uploads\\\/Isotipo-El-Palomar-web.png\"},\"sameAs\":[\"https:\\\/\\\/elpalomardejose.com\\\/\",\"https:\\\/\\\/www.instagram.com\\\/enelpalomar\\\/\",\"https:\\\/\\\/www.linkedin.com\\\/in\\\/jose-alonso-represa-43193510\\\/\"]},{\"@type\":\"Person\",\"@id\":\"https:\\\/\\\/dequecolorestupiel.com\\\/ca\\\/#\\\/schema\\\/person\\\/3df5d132e607de9bdf47272fff471305\",\"name\":\"admin\",\"image\":{\"@type\":\"ImageObject\",\"inLanguage\":\"ca\",\"@id\":\"https:\\\/\\\/secure.gravatar.com\\\/avatar\\\/7d2509cbf17f2a35628e91052c31cbcae6710f3165b1ab37a8532f1be1666061?s=96&d=mm&r=g\",\"url\":\"https:\\\/\\\/secure.gravatar.com\\\/avatar\\\/7d2509cbf17f2a35628e91052c31cbcae6710f3165b1ab37a8532f1be1666061?s=96&d=mm&r=g\",\"contentUrl\":\"https:\\\/\\\/secure.gravatar.com\\\/avatar\\\/7d2509cbf17f2a35628e91052c31cbcae6710f3165b1ab37a8532f1be1666061?s=96&d=mm&r=g\",\"caption\":\"admin\"},\"sameAs\":[\"https:\\\/\\\/dequecolorestupiel.com\"],\"url\":\"https:\\\/\\\/dequecolorestupiel.com\\\/ca\\\/author\\\/admin\\\/\"}]}<\/script>\n<!-- \/ Yoast SEO plugin. -->","yoast_head_json":{"title":"Afrofeminas | De quin color \u00e9s la teva pell?","robots":{"index":"index","follow":"follow","max-snippet":"max-snippet:-1","max-image-preview":"max-image-preview:large","max-video-preview":"max-video-preview:-1"},"canonical":"https:\/\/dequecolorestupiel.com\/ca\/afrofemines\/","og_locale":"ca_ES","og_type":"article","og_title":"Afrofeminas | De quin color \u00e9s la teva pell?","og_description":"Comunitat online que va n\u00e9ixer el 2014 per donar veu i visibilitzar les dones afrodescendents\/negres a Espanya.","og_url":"https:\/\/dequecolorestupiel.com\/ca\/afrofemines\/","og_site_name":"De quin color \u00e9s la teva pell?","article_published_time":"2023-08-28T15:21:04+00:00","article_modified_time":"2023-10-10T15:37:03+00:00","og_image":[{"width":700,"height":700,"url":"https:\/\/dequecolorestupiel.com\/wp-content\/uploads\/Dequecolorestupiel-Repositorio-Afrofeminas.jpg","type":"image\/jpeg"}],"author":"admin","twitter_card":"summary_large_image","twitter_misc":{"Escrit per":"admin"},"schema":{"@context":"https:\/\/schema.org","@graph":[{"@type":"Article","@id":"https:\/\/dequecolorestupiel.com\/ca\/afrofemines\/#article","isPartOf":{"@id":"https:\/\/dequecolorestupiel.com\/ca\/afrofemines\/"},"author":{"name":"admin","@id":"https:\/\/dequecolorestupiel.com\/ca\/#\/schema\/person\/3df5d132e607de9bdf47272fff471305"},"headline":"Afrofeminas","datePublished":"2023-08-28T15:21:04+00:00","dateModified":"2023-10-10T15:37:03+00:00","mainEntityOfPage":{"@id":"https:\/\/dequecolorestupiel.com\/ca\/afrofemines\/"},"wordCount":1,"commentCount":0,"publisher":{"@id":"https:\/\/dequecolorestupiel.com\/ca\/#\/schema\/person\/34e7450451f21e8784b696add8eb6646"},"image":{"@id":"https:\/\/dequecolorestupiel.com\/ca\/afrofemines\/#primaryimage"},"thumbnailUrl":"https:\/\/dequecolorestupiel.com\/wp-content\/uploads\/Dequecolorestupiel-Repositorio-Afrofeminas.jpg","articleSection":["Activisme","Consultoria","Mitjans digitals"],"inLanguage":"ca","potentialAction":[{"@type":"CommentAction","name":"Comment","target":["https:\/\/dequecolorestupiel.com\/ca\/afrofemines\/#respond"]}]},{"@type":"WebPage","@id":"https:\/\/dequecolorestupiel.com\/ca\/afrofemines\/","url":"https:\/\/dequecolorestupiel.com\/ca\/afrofemines\/","name":"Afrofeminas | De quin color \u00e9s la teva pell?","isPartOf":{"@id":"https:\/\/dequecolorestupiel.com\/ca\/#website"},"primaryImageOfPage":{"@id":"https:\/\/dequecolorestupiel.com\/ca\/afrofemines\/#primaryimage"},"image":{"@id":"https:\/\/dequecolorestupiel.com\/ca\/afrofemines\/#primaryimage"},"thumbnailUrl":"https:\/\/dequecolorestupiel.com\/wp-content\/uploads\/Dequecolorestupiel-Repositorio-Afrofeminas.jpg","datePublished":"2023-08-28T15:21:04+00:00","dateModified":"2023-10-10T15:37:03+00:00","breadcrumb":{"@id":"https:\/\/dequecolorestupiel.com\/ca\/afrofemines\/#breadcrumb"},"inLanguage":"ca","potentialAction":[{"@type":"ReadAction","target":["https:\/\/dequecolorestupiel.com\/ca\/afrofemines\/"]}]},{"@type":"ImageObject","inLanguage":"ca","@id":"https:\/\/dequecolorestupiel.com\/ca\/afrofemines\/#primaryimage","url":"https:\/\/dequecolorestupiel.com\/wp-content\/uploads\/Dequecolorestupiel-Repositorio-Afrofeminas.jpg","contentUrl":"https:\/\/dequecolorestupiel.com\/wp-content\/uploads\/Dequecolorestupiel-Repositorio-Afrofeminas.jpg","width":700,"height":700},{"@type":"BreadcrumbList","@id":"https:\/\/dequecolorestupiel.com\/ca\/afrofemines\/#breadcrumb","itemListElement":[{"@type":"ListItem","position":1,"name":"Portada","item":"https:\/\/dequecolorestupiel.com\/ca\/portada\/"},{"@type":"ListItem","position":2,"name":"Afrofeminas"}]},{"@type":"WebSite","@id":"https:\/\/dequecolorestupiel.com\/ca\/#website","url":"https:\/\/dequecolorestupiel.com\/ca\/","name":"De quin color \u00e9s la teva pell?","description":"Taller del Palomar de Jose que convida a reflexionar sobre la discriminaci\u00f3 i el racisme en l'\u00e0mbit educatiu","publisher":{"@id":"https:\/\/dequecolorestupiel.com\/ca\/#\/schema\/person\/34e7450451f21e8784b696add8eb6646"},"potentialAction":[{"@type":"SearchAction","target":{"@type":"EntryPoint","urlTemplate":"https:\/\/dequecolorestupiel.com\/ca\/?s={search_term_string}"},"query-input":{"@type":"PropertyValueSpecification","valueRequired":true,"valueName":"search_term_string"}}],"inLanguage":"ca"},{"@type":["Person","Organization"],"@id":"https:\/\/dequecolorestupiel.com\/ca\/#\/schema\/person\/34e7450451f21e8784b696add8eb6646","name":"enelpalomar","image":{"@type":"ImageObject","inLanguage":"ca","@id":"https:\/\/dequecolorestupiel.com\/wp-content\/uploads\/Isotipo-El-Palomar-web.png","url":"https:\/\/dequecolorestupiel.com\/wp-content\/uploads\/Isotipo-El-Palomar-web.png","contentUrl":"https:\/\/dequecolorestupiel.com\/wp-content\/uploads\/Isotipo-El-Palomar-web.png","width":512,"height":512,"caption":"enelpalomar"},"logo":{"@id":"https:\/\/dequecolorestupiel.com\/wp-content\/uploads\/Isotipo-El-Palomar-web.png"},"sameAs":["https:\/\/elpalomardejose.com\/","https:\/\/www.instagram.com\/enelpalomar\/","https:\/\/www.linkedin.com\/in\/jose-alonso-represa-43193510\/"]},{"@type":"Person","@id":"https:\/\/dequecolorestupiel.com\/ca\/#\/schema\/person\/3df5d132e607de9bdf47272fff471305","name":"admin","image":{"@type":"ImageObject","inLanguage":"ca","@id":"https:\/\/secure.gravatar.com\/avatar\/7d2509cbf17f2a35628e91052c31cbcae6710f3165b1ab37a8532f1be1666061?s=96&d=mm&r=g","url":"https:\/\/secure.gravatar.com\/avatar\/7d2509cbf17f2a35628e91052c31cbcae6710f3165b1ab37a8532f1be1666061?s=96&d=mm&r=g","contentUrl":"https:\/\/secure.gravatar.com\/avatar\/7d2509cbf17f2a35628e91052c31cbcae6710f3165b1ab37a8532f1be1666061?s=96&d=mm&r=g","caption":"admin"},"sameAs":["https:\/\/dequecolorestupiel.com"],"url":"https:\/\/dequecolorestupiel.com\/ca\/author\/admin\/"}]}},"_links":{"self":[{"href":"https:\/\/dequecolorestupiel.com\/ca\/wp-json\/wp\/v2\/posts\/813","targetHints":{"allow":["GET"]}}],"collection":[{"href":"https:\/\/dequecolorestupiel.com\/ca\/wp-json\/wp\/v2\/posts"}],"about":[{"href":"https:\/\/dequecolorestupiel.com\/ca\/wp-json\/wp\/v2\/types\/post"}],"author":[{"embeddable":true,"href":"https:\/\/dequecolorestupiel.com\/ca\/wp-json\/wp\/v2\/users\/1"}],"replies":[{"embeddable":true,"href":"https:\/\/dequecolorestupiel.com\/ca\/wp-json\/wp\/v2\/comments?post=813"}],"version-history":[{"count":3,"href":"https:\/\/dequecolorestupiel.com\/ca\/wp-json\/wp\/v2\/posts\/813\/revisions"}],"predecessor-version":[{"id":1398,"href":"https:\/\/dequecolorestupiel.com\/ca\/wp-json\/wp\/v2\/posts\/813\/revisions\/1398"}],"wp:featuredmedia":[{"embeddable":true,"href":"https:\/\/dequecolorestupiel.com\/ca\/wp-json\/wp\/v2\/media\/790"}],"wp:attachment":[{"href":"https:\/\/dequecolorestupiel.com\/ca\/wp-json\/wp\/v2\/media?parent=813"}],"wp:term":[{"taxonomy":"category","embeddable":true,"href":"https:\/\/dequecolorestupiel.com\/ca\/wp-json\/wp\/v2\/categories?post=813"},{"taxonomy":"post_tag","embeddable":true,"href":"https:\/\/dequecolorestupiel.com\/ca\/wp-json\/wp\/v2\/tags?post=813"}],"curies":[{"name":"wp","href":"https:\/\/api.w.org\/{rel}","templated":true}]}}